{"id":5285,"date":"2016-06-18T16:38:54","date_gmt":"2016-06-18T14:38:54","guid":{"rendered":"http:\/\/spital.sf.treime.md\/?p=5285"},"modified":"2016-06-18T17:14:01","modified_gmt":"2016-06-18T15:14:01","slug":"mesaj-de-felicitare-cu-prilejul-zilei-lucratorului-medical-si-a-farmacistului","status":"publish","type":"post","link":"https:\/\/treime.md\/ru\/mesaj-de-felicitare-cu-prilejul-zilei-lucratorului-medical-si-a-farmacistului\/","title":{"rendered":"Mesaj de felicitare cu prilejul &#171;Zilei lucr\u0103torului medical \u015fi a farmacistului&#187;"},"content":{"rendered":"<p>[vc_row][vc_column][vc_images_carousel images=&#187;5286,5287,5288&#8243; img_size=&#187;735&#215;250&#8243; autoplay=&#187;yes&#187;][vc_empty_space][vc_column_text]Dragi colegi de breasl\u0103, cu prilejul <strong>\u201eZilei lucr\u0103torului medical \u015fi a farmacistului\u201d<\/strong>, v\u0103 felicit \u015fi v\u0103 adresez sincere mul\u0163umiri pentru munca responsabil\u0103 a Domniilor Voastre, pentru \u00eencrederea \u0219i dedica\u021bia cu care veni\u021bi zilnic la munc\u0103. Apreciez \u00eenalt contribu\u0163ia tuturor medicilor, asisten\u0163ilor medicali, lucr\u0103torilor farmaceutici \u0219i a personalului tehnic ce activeaz\u0103 \u00een domeniu. <!--more--> V\u0103 doresc s\u0103n\u0103tate, fericire,  putere de munc\u0103 al\u0103turi de familie, de cei dragi \u015fi realizarea nobilelor Dvs. idealuri. \u00cempreun\u0103 putem face istorie. \u201dUn medic de succes e acela care e OM \u00eenainte de fi medic, e OM \u00een rela\u021bie cu pacien\u021bii, e OM \u00een rela\u021bie cu profesia \u0219i colegii, e OM \u00een rela\u021bie cu societatea \u00een sens larg \u0219i chiar cu fiecare reprezentant al acesteia.\u201d<\/p>\n<p>Oleg CRUDU,<\/p>\n<p>Directorul IMSP SCM \u201eSf\u00e2nta Treime\u201d[\/vc_column_text][vc_empty_space]<ul class=\"photostream clearfix page_margin_top\"><li class=\"gallery_box\"><img width=\"96\" height=\"96\" src=\"https:\/\/treime.md\/wp-content\/uploads\/2016\/06\/5-96x96.jpg\" class=\"attachment-medicenter-small-thumb size-medicenter-small-thumb\" alt=\"\" loading=\"lazy\" srcset=\"https:\/\/treime.md\/wp-content\/uploads\/2016\/06\/5-96x96.jpg 96w, https:\/\/treime.md\/wp-content\/uploads\/2016\/06\/5-200x200.jpg 200w, https:\/\/treime.md\/wp-content\/uploads\/2016\/06\/5-800x800.jpg 800w\" sizes=\"(max-width: 96px) 100vw, 96px\" \/><ul class=\"controls\">\n\t\t\t\t<li>\n\t\t\t\t\t<a href=\"http:\/\/spital.sf.treime.md\/wp-content\/uploads\/2016\/06\/5.jpg\" class=\"fancybox open_lightbox\" style=\"background-image: url('https:\/\/treime.md\/wp-content\/themes\/medicenter\/images\/icons_media\/blue_light\/image.png')\"><\/a>\n\t\t\t\t<\/li>\n\t\t\t<\/ul>\n\t\t<\/li><li class=\"gallery_box\"><img width=\"96\" height=\"96\" src=\"https:\/\/treime.md\/wp-content\/uploads\/2016\/06\/7-96x96.jpg\" class=\"attachment-medicenter-small-thumb size-medicenter-small-thumb\" alt=\"\" loading=\"lazy\" srcset=\"https:\/\/treime.md\/wp-content\/uploads\/2016\/06\/7-96x96.jpg 96w, https:\/\/treime.md\/wp-content\/uploads\/2016\/06\/7-200x200.jpg 200w, https:\/\/treime.md\/wp-content\/uploads\/2016\/06\/7-800x800.jpg 800w\" sizes=\"(max-width: 96px) 100vw, 96px\" \/><ul class=\"controls\">\n\t\t\t\t<li>\n\t\t\t\t\t<a href=\"http:\/\/spital.sf.treime.md\/wp-content\/uploads\/2016\/06\/7.jpg\" class=\"fancybox open_lightbox\" style=\"background-image: url('https:\/\/treime.md\/wp-content\/themes\/medicenter\/images\/icons_media\/blue_light\/image.png')\"><\/a>\n\t\t\t\t<\/li>\n\t\t\t<\/ul>\n\t\t<\/li><li class=\"gallery_box\"><img width=\"96\" height=\"96\" src=\"https:\/\/treime.md\/wp-content\/uploads\/2016\/06\/6-96x96.jpg\" class=\"attachment-medicenter-small-thumb size-medicenter-small-thumb\" alt=\"\" loading=\"lazy\" srcset=\"https:\/\/treime.md\/wp-content\/uploads\/2016\/06\/6-96x96.jpg 96w, https:\/\/treime.md\/wp-content\/uploads\/2016\/06\/6-200x200.jpg 200w, https:\/\/treime.md\/wp-content\/uploads\/2016\/06\/6-800x800.jpg 800w\" sizes=\"(max-width: 96px) 100vw, 96px\" \/><ul class=\"controls\">\n\t\t\t\t<li>\n\t\t\t\t\t<a href=\"http:\/\/spital.sf.treime.md\/wp-content\/uploads\/2016\/06\/6.jpg\" class=\"fancybox open_lightbox\" style=\"background-image: url('https:\/\/treime.md\/wp-content\/themes\/medicenter\/images\/icons_media\/blue_light\/image.png')\"><\/a>\n\t\t\t\t<\/li>\n\t\t\t<\/ul>\n\t\t<\/li><\/ul>[\/vc_column][\/vc_row]<\/p>\n","protected":false},"excerpt":{"rendered":"<p>[vc_row][vc_column][vc_images_carousel images=&#187;5286,5287,5288&#8243; img_size=&#187;735&#215;250&#8243; autoplay=&#187;yes&#187;][vc_empty_space][vc_column_text]Dragi colegi de breasl\u0103, cu prilejul \u201eZilei lucr\u0103torului medical \u015fi a farmacistului\u201d, v\u0103 felicit \u015fi v\u0103 adresez sincere mul\u0163umiri pentru munca responsabil\u0103 a Domniilor Voastre, pentru \u00eencrederea \u0219i dedica\u021bia cu care veni\u021bi zilnic la munc\u0103. Apreciez \u00eenalt contribu\u0163ia tuturor medicilor, asisten\u0163ilor medicali, lucr\u0103torilor farmaceutici \u0219i a personalului tehnic ce activeaz\u0103 \u00een domeniu.<\/p>\n","protected":false},"author":2,"featured_media":5288,"comment_status":"closed","ping_status":"closed","sticky":false,"template":"","format":"standard","meta":[],"categories":[2],"tags":[],"_links":{"self":[{"href":"https:\/\/treime.md\/ru\/wp-json\/wp\/v2\/posts\/5285"}],"collection":[{"href":"https:\/\/treime.md\/ru\/wp-json\/wp\/v2\/posts"}],"about":[{"href":"https:\/\/treime.md\/ru\/wp-json\/wp\/v2\/types\/post"}],"author":[{"embeddable":true,"href":"https:\/\/treime.md\/ru\/wp-json\/wp\/v2\/users\/2"}],"replies":[{"embeddable":true,"href":"https:\/\/treime.md\/ru\/wp-json\/wp\/v2\/comments?post=5285"}],"version-history":[{"count":2,"href":"https:\/\/treime.md\/ru\/wp-json\/wp\/v2\/posts\/5285\/revisions"}],"predecessor-version":[{"id":5290,"href":"https:\/\/treime.md\/ru\/wp-json\/wp\/v2\/posts\/5285\/revisions\/5290"}],"wp:featuredmedia":[{"embeddable":true,"href":"https:\/\/treime.md\/ru\/wp-json\/wp\/v2\/media\/5288"}],"wp:attachment":[{"href":"https:\/\/treime.md\/ru\/wp-json\/wp\/v2\/media?parent=5285"}],"wp:term":[{"taxonomy":"category","embeddable":true,"href":"https:\/\/treime.md\/ru\/wp-json\/wp\/v2\/categories?post=5285"},{"taxonomy":"post_tag","embeddable":true,"href":"https:\/\/treime.md\/ru\/wp-json\/wp\/v2\/tags?post=5285"}],"curies":[{"name":"wp","href":"https:\/\/api.w.org\/{rel}","templated":true}]}}