{"id":5452,"date":"2016-07-13T14:29:43","date_gmt":"2016-07-13T12:29:43","guid":{"rendered":"http:\/\/spital.sf.treime.md\/?p=5452"},"modified":"2016-07-14T15:32:18","modified_gmt":"2016-07-14T13:32:18","slug":"imagini-defaimatoare-si-abordare-subiectiva-in-presa-referitoare-la-imsp-scm-sfanta-treime-in-presa","status":"publish","type":"post","link":"https:\/\/treime.md\/ru\/imagini-defaimatoare-si-abordare-subiectiva-in-presa-referitoare-la-imsp-scm-sfanta-treime-in-presa\/","title":{"rendered":"Imagini defaimatoare \u0219i abordare subiectiv\u0103 \u00een pres\u0103 referitoare la IMSP SCM \u201dSf\u00e2nta Treime\u201d"},"content":{"rendered":"<p>[vc_row][vc_column][vc_images_carousel images=&#187;5453,5457,5456,5455&#8243; img_size=&#187;735&#215;250&#8243; autoplay=&#187;yes&#187;][vc_empty_space][vc_column_text]<\/p>\n<h5>\u00cen leg\u0103tur\u0103 cu articolul publicat de jurnalista ziarului \u201dTimpul\u201d, din 12 iulie d016: http:\/\/www.timpul.md\/articol\/nu-construieti-toalete-europene-in-spitale-vechi-94929.html<\/h5>\n<p>Cu profund regret, institu\u021bia constat\u0103 c\u0103 prin articolul semnat de jurnalista ziarului \u201dTimpul\u201d, Georgeta Carasiucenco, este promovat\u0103 cu insisten\u021b\u0103 ideea de denigrare a IMSP SCM \u201dSf\u00e2nta Treime\u201d. Fotografia reprezentativ\u0103 a articolului este manipulatoare, nu este indicat\u0103 sursa, cre\u00e2nd o impresie eronat\u0103 asupra spitalului Sf\u00e2nta Treime,  despre care este scris sub imaginea \u00een cauz\u0103.. Sursa pozei este indicat\u0103 abia la sf\u00e2r\u0219itul articolului.<!--more--><a href=\"https:\/\/treime.md\/wp-content\/uploads\/2016\/07\/vece.jpg\" rel=\"attachment wp-att-5458\"><img loading=\"lazy\" class=\"wp-image-5458 alignnone\" src=\"https:\/\/treime.md\/wp-content\/uploads\/2016\/07\/vece.jpg\" alt=\"vece\" width=\"547\" height=\"274\" srcset=\"https:\/\/treime.md\/wp-content\/uploads\/2016\/07\/vece.jpg 2000w, https:\/\/treime.md\/wp-content\/uploads\/2016\/07\/vece-300x150.jpg 300w, https:\/\/treime.md\/wp-content\/uploads\/2016\/07\/vece-1024x512.jpg 1024w, https:\/\/treime.md\/wp-content\/uploads\/2016\/07\/vece-500x250.jpg 500w\" sizes=\"(max-width: 547px) 100vw, 547px\" \/><\/a><\/p>\n<p>Publicarea unor imagini selective, f\u0103r\u0103 probe constatatoare \u0219i f\u0103r\u0103 a lua \u00een considerare declara\u021biile integrale ale administra\u021biei, denot\u0103 lips\u0103 de profesionalism \u0219i \u00eenc\u0103lcarea oric\u0103rui cod deontologic a mijloacelor de mass-media. Men\u021bion\u0103m c\u0103 veceul destinat vizitatorilor se afl\u0103 la parter \u0219i fotografia real\u0103 a acestuia este publicat\u0103 mai jos:<\/p>\n<p><a href=\"https:\/\/treime.md\/wp-content\/uploads\/2016\/07\/page1.jpg\" rel=\"attachment wp-att-5453\"><img loading=\"lazy\" class=\"wp-image-5453 aligncenter\" src=\"https:\/\/treime.md\/wp-content\/uploads\/2016\/07\/page1.jpg\" alt=\"page1\" width=\"401\" height=\"301\" srcset=\"https:\/\/treime.md\/wp-content\/uploads\/2016\/07\/page1.jpg 2000w, https:\/\/treime.md\/wp-content\/uploads\/2016\/07\/page1-300x225.jpg 300w, https:\/\/treime.md\/wp-content\/uploads\/2016\/07\/page1-1024x768.jpg 1024w, https:\/\/treime.md\/wp-content\/uploads\/2016\/07\/page1-500x375.jpg 500w\" sizes=\"(max-width: 401px) 100vw, 401px\" \/><\/a><\/p>\n<p>Totodat\u0103, men\u021bion\u0103m c\u0103 blocurile sanitare sunt men\u021binute \u0219i igienizate conform cerin\u021belor sanitare epidemiologice, iar fraza \u201dLa intrarea \u00een subsolul institu\u021biei, sub \u021bevile at\u00e2rnate de pod, mi\u0219un\u0103 un roi de mu\u0219te. Din \u021bevile \u00eentinse pe pere\u021bi picur\u0103 ap\u0103, iar pe podea, \u00eentr-un col\u021b este format\u0103 deja o b\u0103ltoac\u0103. C\u00e2rpa aruncat\u0103 pe jos e neagr\u0103 de la prea mult\u0103 utilizare. Mirosul \u00een\u021bep\u0103tor \u00eel determin\u0103 pe vizitator s\u0103 nu mai z\u0103boveasc\u0103 \u00een acel loc nici un minut\u201d  este hiperbolizat\u0103 \u0219i exagerat\u0103 inten\u021bionat, acestea fiind false afirma\u021bii.<\/p>\n<p>Referitor la acest subiect, men\u021bion\u0103m c\u0103 imaginea postat\u0103 de c\u0103tre Timpul, nu specific\u0103 starea real\u0103 a blocurilor sanitare din cadrul institu\u021biei, inclusiv cea a veceului situat \u00een demisolul spitalului, iar \u00een imagine nu este prezentat\u0103 starea de ansamblu, ci doar robinetul de unde deridic\u0103toarele iau ap\u0103 pentru igienizare.<\/p>\n<p><a href=\"https:\/\/treime.md\/wp-content\/uploads\/2016\/07\/page2.jpg\" rel=\"attachment wp-att-5454\"><img loading=\"lazy\" class=\"wp-image-5454 aligncenter\" src=\"https:\/\/treime.md\/wp-content\/uploads\/2016\/07\/page2.jpg\" alt=\"page2\" width=\"546\" height=\"409\" srcset=\"https:\/\/treime.md\/wp-content\/uploads\/2016\/07\/page2.jpg 2000w, https:\/\/treime.md\/wp-content\/uploads\/2016\/07\/page2-300x225.jpg 300w, https:\/\/treime.md\/wp-content\/uploads\/2016\/07\/page2-1024x768.jpg 1024w, https:\/\/treime.md\/wp-content\/uploads\/2016\/07\/page2-500x375.jpg 500w\" sizes=\"(max-width: 546px) 100vw, 546px\" \/><\/a><\/p>\n<p>&nbsp;<\/p>\n<p>Specific\u0103m c\u0103 jurnalista a contactat serviciul de pres\u0103 al spitalului \u0219i i s-a comunicat despre situa\u021bia real\u0103. Totodat\u0103, jurnalista a specificat c\u0103 a vizitat \u0219i blocurile sanitare din cadrul spitalului, men\u021bion\u00e2nd c\u0103 acestea sunt bine \u00eentre\u021binute, dar \u00een articol s-a referit exclusiv la blocul sanitar destinat serviciului tehnic, situat \u00een demisolul institu\u021biei \u0219i a publicat o imagine neconcludent\u0103.<\/p>\n<p>Cu regret, sursele mass-media nu preiau nout\u0103\u021bile despre realiz\u0103rile \u0219i performan\u021bele institu\u021biei, ob\u021binute recent, publicate pe pagina web oficial\u0103.<\/p>\n<p>Renovarea fa\u021badei<\/p>\n<p><a href=\"https:\/\/treime.md\/wp-content\/uploads\/2016\/07\/13466143_610785232420561_2385238924918302967_n.jpg\" rel=\"attachment wp-att-5455\"><img loading=\"lazy\" class=\"wp-image-5455 aligncenter\" src=\"https:\/\/treime.md\/wp-content\/uploads\/2016\/07\/13466143_610785232420561_2385238924918302967_n.jpg\" alt=\"13466143_610785232420561_2385238924918302967_n\" width=\"707\" height=\"265\" srcset=\"https:\/\/treime.md\/wp-content\/uploads\/2016\/07\/13466143_610785232420561_2385238924918302967_n.jpg 960w, https:\/\/treime.md\/wp-content\/uploads\/2016\/07\/13466143_610785232420561_2385238924918302967_n-300x113.jpg 300w, https:\/\/treime.md\/wp-content\/uploads\/2016\/07\/13466143_610785232420561_2385238924918302967_n-500x188.jpg 500w\" sizes=\"(max-width: 707px) 100vw, 707px\" \/><\/a><\/p>\n<p>Repara\u021bia holului de la parter<\/p>\n<p><a href=\"https:\/\/treime.md\/wp-content\/uploads\/2016\/07\/cal.jpg\" rel=\"attachment wp-att-5456\"><img loading=\"lazy\" class=\"wp-image-5456 aligncenter\" src=\"https:\/\/treime.md\/wp-content\/uploads\/2016\/07\/cal.jpg\" alt=\"cal\" width=\"619\" height=\"310\" srcset=\"https:\/\/treime.md\/wp-content\/uploads\/2016\/07\/cal.jpg 2000w, https:\/\/treime.md\/wp-content\/uploads\/2016\/07\/cal-300x150.jpg 300w, https:\/\/treime.md\/wp-content\/uploads\/2016\/07\/cal-1024x512.jpg 1024w, https:\/\/treime.md\/wp-content\/uploads\/2016\/07\/cal-500x250.jpg 500w\" sizes=\"(max-width: 619px) 100vw, 619px\" \/><\/a><\/p>\n<p>Amenajarea parcului<\/p>\n<p><a href=\"https:\/\/treime.md\/wp-content\/uploads\/2016\/07\/bis2.jpg\" rel=\"attachment wp-att-5457\"><img loading=\"lazy\" class=\" wp-image-5457 aligncenter\" src=\"https:\/\/treime.md\/wp-content\/uploads\/2016\/07\/bis2.jpg\" alt=\"bis2\" width=\"757\" height=\"379\" srcset=\"https:\/\/treime.md\/wp-content\/uploads\/2016\/07\/bis2.jpg 2000w, https:\/\/treime.md\/wp-content\/uploads\/2016\/07\/bis2-300x150.jpg 300w, https:\/\/treime.md\/wp-content\/uploads\/2016\/07\/bis2-1024x512.jpg 1024w, https:\/\/treime.md\/wp-content\/uploads\/2016\/07\/bis2-500x250.jpg 500w\" sizes=\"(max-width: 757px) 100vw, 757px\" \/><\/a>[\/vc_column_text][vc_empty_space]<ul class=\"photostream clearfix page_margin_top\"><li class=\"gallery_box\"><ul class=\"controls\">\n\t\t\t\t<li>\n\t\t\t\t\t<a href=\"https:\/\/treime.md\/wp-content\/uploads\/2026\/04\/5_\u0441\u0430\u0439\u0442.jpg\" class=\"fancybox open_lightbox\" style=\"background-image: url('https:\/\/treime.md\/wp-content\/themes\/medicenter\/images\/icons_media\/blue_light\/image.png')\"><\/a>\n\t\t\t\t<\/li>\n\t\t\t<\/ul>\n\t\t<\/li><\/ul>[\/vc_column][\/vc_row][vc_row][vc_column][vc_empty_space][\/vc_column][\/vc_row]<\/p>\n","protected":false},"excerpt":{"rendered":"<p>[vc_row][vc_column][vc_images_carousel images=&#187;5453,5457,5456,5455&#8243; img_size=&#187;735&#215;250&#8243; autoplay=&#187;yes&#187;][vc_empty_space][vc_column_text] \u00cen leg\u0103tur\u0103 cu articolul publicat de jurnalista ziarului \u201dTimpul\u201d, din 12 iulie d016: http:\/\/www.timpul.md\/articol\/nu-construieti-toalete-europene-in-spitale-vechi-94929.html Cu profund regret, institu\u021bia constat\u0103 c\u0103 prin articolul semnat de jurnalista ziarului \u201dTimpul\u201d, Georgeta Carasiucenco, este promovat\u0103 cu insisten\u021b\u0103 ideea de denigrare a IMSP SCM \u201dSf\u00e2nta Treime\u201d. Fotografia reprezentativ\u0103 a articolului este manipulatoare, nu este indicat\u0103 sursa,<\/p>\n","protected":false},"author":2,"featured_media":5455,"comment_status":"closed","ping_status":"closed","sticky":false,"template":"","format":"standard","meta":[],"categories":[2],"tags":[],"_links":{"self":[{"href":"https:\/\/treime.md\/ru\/wp-json\/wp\/v2\/posts\/5452"}],"collection":[{"href":"https:\/\/treime.md\/ru\/wp-json\/wp\/v2\/posts"}],"about":[{"href":"https:\/\/treime.md\/ru\/wp-json\/wp\/v2\/types\/post"}],"author":[{"embeddable":true,"href":"https:\/\/treime.md\/ru\/wp-json\/wp\/v2\/users\/2"}],"replies":[{"embeddable":true,"href":"https:\/\/treime.md\/ru\/wp-json\/wp\/v2\/comments?post=5452"}],"version-history":[{"count":7,"href":"https:\/\/treime.md\/ru\/wp-json\/wp\/v2\/posts\/5452\/revisions"}],"predecessor-version":[{"id":5558,"href":"https:\/\/treime.md\/ru\/wp-json\/wp\/v2\/posts\/5452\/revisions\/5558"}],"wp:featuredmedia":[{"embeddable":true,"href":"https:\/\/treime.md\/ru\/wp-json\/wp\/v2\/media\/5455"}],"wp:attachment":[{"href":"https:\/\/treime.md\/ru\/wp-json\/wp\/v2\/media?parent=5452"}],"wp:term":[{"taxonomy":"category","embeddable":true,"href":"https:\/\/treime.md\/ru\/wp-json\/wp\/v2\/categories?post=5452"},{"taxonomy":"post_tag","embeddable":true,"href":"https:\/\/treime.md\/ru\/wp-json\/wp\/v2\/tags?post=5452"}],"curies":[{"name":"wp","href":"https:\/\/api.w.org\/{rel}","templated":true}]}}