{"id":5465,"date":"2016-07-13T15:54:29","date_gmt":"2016-07-13T13:54:29","guid":{"rendered":"http:\/\/spital.sf.treime.md\/?p=5465"},"modified":"2016-07-13T16:43:29","modified_gmt":"2016-07-13T14:43:29","slug":"imsp-scm-sfanta-treimea-prezentat-raportul-de-activitate-pentru-primul-semestru-al-anului-2016","status":"publish","type":"post","link":"https:\/\/treime.md\/ru\/imsp-scm-sfanta-treimea-prezentat-raportul-de-activitate-pentru-primul-semestru-al-anului-2016\/","title":{"rendered":"IMSP SCM \u201dSf\u00e2nta Treime\u201da prezentat raportul de activitate pentru primul semestru al anului 2016"},"content":{"rendered":"<p>[vc_row][vc_column][vc_images_carousel images=&#187;5466,5467,5468,5469,5470,5471,5472,5473,5474,5475,5476,5477,5478,5479,5480&#8243; img_size=&#187;735&#215;250&#8243; autoplay=&#187;yes&#187;][vc_empty_space][vc_column_text]Ast\u0103zi, 13 iulie 2016, a avut loc \u0219edin\u021ba Consiliului Administrativ al IMSP SCM \u201dSf\u00e2nta Treime\u201d.<\/p>\n<p>La \u0219edin\u021b\u0103 au participat: \u0219eful direc\u021biei S\u0103n\u0103tate a Consiliului Municipal Chi\u0219in\u0103u, Mihai Moldovanu, reprezentantul CNAM, Alexandru Lozovanu, administra\u021bie IMSP SCM \u201dSf\u00e2nta Treime\u201d, precum \u0219i personalul institu\u021biei.<!--more--><\/p>\n<p>\u00cen cadrul \u0219edin\u021bei a fost examinat \u0219i aprobat Raportul privind rezultatele activit\u0103\u021bii institu\u021biei pentru semestrul I al anului 2016. Printre cele mai mari realiz\u0103ri ale institu\u021biei se num\u0103r\u0103:<\/p>\n<ul>\n<li><strong>\u00cendeplinirea condi\u021biilor contractuale cu CNAM 100%<\/strong><\/li>\n<li><strong>Darea \u00een exploatare a sec\u021biei Reanimare \u0219i Terapie Intensiv\u0103 15.01.2016<\/strong><\/li>\n<li><strong>Deschiderea a trei structuri noi strategice \u00een cadrul proiectului JICA <\/strong><\/li>\n<\/ul>\n<p><strong>&#8212; Departamentul radiologie endovascular\u0103<\/strong><\/p>\n<p><strong>&#8212; Departamentul de diagnostic (TC, radiologie interven\u021bional\u0103, radiologie digital\u0103)<\/strong><\/p>\n<ul>\n<li><strong>Departamentul bioinginerie<\/strong><\/li>\n<li><strong>Extinderea calitativ\u0103 \u0219i cantitativ\u0103 a interven\u021biilor performante \u00een urologie<\/strong><\/li>\n<li><strong>Atragerea investi\u021biilor str\u0103ine (ajutor umanitar) \u0219i dotarea spitalului cu 135 de paturi, 20 de noptiere \u0219i 22 de c\u0103rucioare cu rotile<\/strong><\/li>\n<li><strong>Renovarea fa\u021badei \u0219i a holului de la parter<\/strong><\/li>\n<li><strong>Amenajarea parcului<\/strong><\/li>\n<li><strong>Organizarea conferin\u021bei \u0219tiin\u021bifice \u201d40 de ani de la fondarea IMSP SCM \u201dSf\u00e2nta Treime\u201d\u201d<\/strong><\/li>\n<li><strong>Realizarea \u0219i punerea \u00een func\u021biune a paginii web a institu\u021biei <a href=\"https:\/\/treime.md\/\">treime.md<\/a>.<\/strong><\/li>\n<\/ul>\n<p>Drept obiective pentru semestrul II al anului curent au fost trasate:<\/p>\n<p><strong>Revizuirea contract\u0103rii CNAM \u00een conformitate cu indicatorii realiza\u021bi<\/strong><\/p>\n<p><strong>Implementarea noului sistem salarial<\/strong><\/p>\n<p><strong>Ini\u021bierea proiectului de repara\u021bie capital\u0103 a etajului II, sec\u021bia Uurologie<\/strong><\/p>\n<p><strong>Ini\u021bierea proiectului de instituire a dou\u0103 saloane de terapie intensiv\u0103 \u00een cadrul sec\u021biilor Cardiologie \u0219i Neurologie, dotarea cu utilaj \u0219i asigurarea cu personal <\/strong><\/p>\n<p><strong>Extinderea serviciului de diagnostic <\/strong><\/p>\n<p><strong>Ini\u021bierea proiectului \u201dEficien\u021ba energetic\u0103\u201d<\/strong><\/p>\n<p>Men\u021bion\u0103m c\u0103 IMSP SCM \u201dSf\u00e2nta Treime\u201d reprezint\u0103 cea mai mare institu\u0163ie medical\u0103 din municipiul Chi\u0219in\u0103u, care poate asigura managementul medical pluridisciplinar al cazurilor de mare complexitate, cu o capacitate de 600 paturi pe17 profiluri medicale. Institu\u021bia gestioneaz\u0103 activit\u0103\u021bi complexe de asisten\u0163\u0103 medical\u0103 \u0219i de cercetare \u0219tiin\u0163ific\u0103, fiind baza clinica a USMF \u201dN. Testemi\u021banu\u201d \u0219i este un centru municipal strategic de asisten\u0163\u0103 medical\u0103 de urgen\u0163\u0103 .<\/p>\n<h3>Raportul integral \u00eel pute\u021bi vizualiza la rubrica <a href=\"https:\/\/treime.md\/despre-noi\/transparenta\/raport-de-activitate\/\" target=\"_blank\">Transparen\u021b\u0103 <\/a>sau aici: <a href=\"https:\/\/treime.md\/wp-content\/uploads\/2013\/04\/Raport-sem-I-2016.pdf\" target=\"_blank\">Raport de activitate a IMSP SCM \u201dSf\u00e2nta Treime\u201d pentru semestrul I, 2016<\/a><\/h3>\n<p>[\/vc_column_text][vc_empty_space]<ul class=\"photostream clearfix page_margin_top\"><li class=\"gallery_box\"><img width=\"96\" height=\"96\" src=\"https:\/\/treime.md\/wp-content\/uploads\/2016\/07\/bis2-96x96.jpg\" class=\"attachment-medicenter-small-thumb size-medicenter-small-thumb\" alt=\"\" loading=\"lazy\" srcset=\"https:\/\/treime.md\/wp-content\/uploads\/2016\/07\/bis2-96x96.jpg 96w, https:\/\/treime.md\/wp-content\/uploads\/2016\/07\/bis2-200x200.jpg 200w, https:\/\/treime.md\/wp-content\/uploads\/2016\/07\/bis2-800x800.jpg 800w\" sizes=\"(max-width: 96px) 100vw, 96px\" \/><ul class=\"controls\">\n\t\t\t\t<li>\n\t\t\t\t\t<a href=\"http:\/\/spital.sf.treime.md\/wp-content\/uploads\/2016\/07\/bis2.jpg\" class=\"fancybox open_lightbox\" style=\"background-image: url('https:\/\/treime.md\/wp-content\/themes\/medicenter\/images\/icons_media\/blue_light\/image.png')\"><\/a>\n\t\t\t\t<\/li>\n\t\t\t<\/ul>\n\t\t<\/li><li class=\"gallery_box\"><img width=\"96\" height=\"96\" src=\"https:\/\/treime.md\/wp-content\/uploads\/2016\/07\/cal-96x96.jpg\" class=\"attachment-medicenter-small-thumb size-medicenter-small-thumb\" alt=\"\" loading=\"lazy\" srcset=\"https:\/\/treime.md\/wp-content\/uploads\/2016\/07\/cal-96x96.jpg 96w, https:\/\/treime.md\/wp-content\/uploads\/2016\/07\/cal-200x200.jpg 200w, https:\/\/treime.md\/wp-content\/uploads\/2016\/07\/cal-800x800.jpg 800w\" sizes=\"(max-width: 96px) 100vw, 96px\" \/><ul class=\"controls\">\n\t\t\t\t<li>\n\t\t\t\t\t<a href=\"http:\/\/spital.sf.treime.md\/wp-content\/uploads\/2016\/07\/cal.jpg\" class=\"fancybox open_lightbox\" style=\"background-image: url('https:\/\/treime.md\/wp-content\/themes\/medicenter\/images\/icons_media\/blue_light\/image.png')\"><\/a>\n\t\t\t\t<\/li>\n\t\t\t<\/ul>\n\t\t<\/li><li class=\"gallery_box\"><img width=\"96\" height=\"96\" src=\"https:\/\/treime.md\/wp-content\/uploads\/2016\/07\/13466143_610785232420561_2385238924918302967_n-96x96.jpg\" class=\"attachment-medicenter-small-thumb size-medicenter-small-thumb\" alt=\"\" loading=\"lazy\" srcset=\"https:\/\/treime.md\/wp-content\/uploads\/2016\/07\/13466143_610785232420561_2385238924918302967_n-96x96.jpg 96w, https:\/\/treime.md\/wp-content\/uploads\/2016\/07\/13466143_610785232420561_2385238924918302967_n-200x200.jpg 200w\" sizes=\"(max-width: 96px) 100vw, 96px\" \/><ul class=\"controls\">\n\t\t\t\t<li>\n\t\t\t\t\t<a href=\"http:\/\/spital.sf.treime.md\/wp-content\/uploads\/2016\/07\/13466143_610785232420561_2385238924918302967_n.jpg\" class=\"fancybox open_lightbox\" style=\"background-image: url('https:\/\/treime.md\/wp-content\/themes\/medicenter\/images\/icons_media\/blue_light\/image.png')\"><\/a>\n\t\t\t\t<\/li>\n\t\t\t<\/ul>\n\t\t<\/li><li class=\"gallery_box\"><img width=\"96\" height=\"96\" src=\"https:\/\/treime.md\/wp-content\/uploads\/2016\/07\/IMG_3511-96x96.jpg\" class=\"attachment-medicenter-small-thumb size-medicenter-small-thumb\" alt=\"\" loading=\"lazy\" srcset=\"https:\/\/treime.md\/wp-content\/uploads\/2016\/07\/IMG_3511-96x96.jpg 96w, https:\/\/treime.md\/wp-content\/uploads\/2016\/07\/IMG_3511-200x200.jpg 200w, https:\/\/treime.md\/wp-content\/uploads\/2016\/07\/IMG_3511-800x800.jpg 800w\" sizes=\"(max-width: 96px) 100vw, 96px\" \/><ul class=\"controls\">\n\t\t\t\t<li>\n\t\t\t\t\t<a href=\"http:\/\/spital.sf.treime.md\/wp-content\/uploads\/2016\/07\/IMG_3511.jpg\" class=\"fancybox open_lightbox\" style=\"background-image: url('https:\/\/treime.md\/wp-content\/themes\/medicenter\/images\/icons_media\/blue_light\/image.png')\"><\/a>\n\t\t\t\t<\/li>\n\t\t\t<\/ul>\n\t\t<\/li><\/ul>[\/vc_column][\/vc_row]<\/p>\n","protected":false},"excerpt":{"rendered":"<p>[vc_row][vc_column][vc_images_carousel images=&#187;5466,5467,5468,5469,5470,5471,5472,5473,5474,5475,5476,5477,5478,5479,5480&#8243; img_size=&#187;735&#215;250&#8243; autoplay=&#187;yes&#187;][vc_empty_space][vc_column_text]Ast\u0103zi, 13 iulie 2016, a avut loc \u0219edin\u021ba Consiliului Administrativ al IMSP SCM \u201dSf\u00e2nta Treime\u201d. La \u0219edin\u021b\u0103 au participat: \u0219eful direc\u021biei S\u0103n\u0103tate a Consiliului Municipal Chi\u0219in\u0103u, Mihai Moldovanu, reprezentantul CNAM, Alexandru Lozovanu, administra\u021bie IMSP SCM \u201dSf\u00e2nta Treime\u201d, precum \u0219i personalul institu\u021biei.<\/p>\n","protected":false},"author":2,"featured_media":5466,"comment_status":"closed","ping_status":"closed","sticky":false,"template":"","format":"standard","meta":[],"categories":[2],"tags":[],"_links":{"self":[{"href":"https:\/\/treime.md\/ru\/wp-json\/wp\/v2\/posts\/5465"}],"collection":[{"href":"https:\/\/treime.md\/ru\/wp-json\/wp\/v2\/posts"}],"about":[{"href":"https:\/\/treime.md\/ru\/wp-json\/wp\/v2\/types\/post"}],"author":[{"embeddable":true,"href":"https:\/\/treime.md\/ru\/wp-json\/wp\/v2\/users\/2"}],"replies":[{"embeddable":true,"href":"https:\/\/treime.md\/ru\/wp-json\/wp\/v2\/comments?post=5465"}],"version-history":[{"count":6,"href":"https:\/\/treime.md\/ru\/wp-json\/wp\/v2\/posts\/5465\/revisions"}],"predecessor-version":[{"id":5496,"href":"https:\/\/treime.md\/ru\/wp-json\/wp\/v2\/posts\/5465\/revisions\/5496"}],"wp:featuredmedia":[{"embeddable":true,"href":"https:\/\/treime.md\/ru\/wp-json\/wp\/v2\/media\/5466"}],"wp:attachment":[{"href":"https:\/\/treime.md\/ru\/wp-json\/wp\/v2\/media?parent=5465"}],"wp:term":[{"taxonomy":"category","embeddable":true,"href":"https:\/\/treime.md\/ru\/wp-json\/wp\/v2\/categories?post=5465"},{"taxonomy":"post_tag","embeddable":true,"href":"https:\/\/treime.md\/ru\/wp-json\/wp\/v2\/tags?post=5465"}],"curies":[{"name":"wp","href":"https:\/\/api.w.org\/{rel}","templated":true}]}}