{"id":6104,"date":"2016-09-21T08:47:22","date_gmt":"2016-09-21T06:47:22","guid":{"rendered":"http:\/\/spital.sf.treime.md\/?p=6104"},"modified":"2016-09-21T08:47:22","modified_gmt":"2016-09-21T06:47:22","slug":"21-septembrie-ziua-mondiala-pentru-combaterea-maladiei-alzheimer","status":"publish","type":"post","link":"https:\/\/treime.md\/ru\/21-septembrie-ziua-mondiala-pentru-combaterea-maladiei-alzheimer\/","title":{"rendered":"21 septembrie &#8212; Ziua mondial\u0103 pentru combaterea maladiei Alzheimer"},"content":{"rendered":"<p>[vc_row][vc_column][vc_images_carousel images=&#187;6105&#8243; img_size=&#187;&#187; slides_per_view=&#187;4&#8243; autoplay=&#187;yes&#187; wrap=&#187;yes&#187; el_class=&#187;carusel_post&#187;][vc_empty_space][vc_column_text]Anual, la 21 septembrie este marcat\u0103 la nivel mondial, Ziua mondial\u0103 pentru combaterea maladiei Alzheimer, lansat\u0103 de Federa\u0163ia Interna\u0163ional\u0103 pentru Alzheimer (Alzheimer\u2019s Disease International \u2013 ADI) \u00een 1994.<\/p>\n<p>Boala Alzheimer este o boala degenerativa ce afecteaz\u0103 zone ale creierului ce controleaz\u0103 memoria, inteligen\u021ba, capacitatea de judecat\u0103, limbajul \u0219i comportamentul.<!--more--> Nu se cunoa\u0219te cu siguran\u021b\u0103 cauza ce provoac\u0103 boala Alzeimer, dar este posibil sa existe mai multe cauze. Pierderea memoriei este de cele mai multe ori prima manifestare a bolii Alzheimer. Multe persoane \u00een v\u00e2rst\u0103 se \u00eengrijoreaz\u0103 atunci c\u00e2nd apar pierderile de memorie. Anumite episoade de pierdere a memoriei pe termen scurt la persoanele \u00een v\u00e2rsta de 60-70 de ani este un lucru obi\u0219nuit, dar numai unii dintre ace\u0219tia cu pierderi u\u0219oare de memorie vor dezvolta boala Alzheimer. \u00cen cazul \u00een care apar pierderi de memorie, este indicat consultul unui medic specialist.<\/p>\n<p>Boala Alzheimer este \u00eenso\u021bit\u0103, de asemenea, de modific\u0103ri de comportament, de g\u00e2ndire sau tulbur\u0103ri de personalitate. \u00cen fazele incipiente ale bolii persoana se poate comporta normal \u00een societate. Membrii familiei \u0219i prietenii apropia\u021bi observ\u0103 primii manifest\u0103rile bolii. Semnele de demen\u021b\u0103 ca dificult\u0103\u021bile de g\u00e2ndire sau amintire a anumitor lucruri sau probleme \u00een activit\u0103\u021bile cotidiene, trebuie sa \u00eendemne persoana spre consultul unui specialist.<\/p>\n<p>Printre semnele de avertizare pentru boala Alzheimer se num\u0103r\u0103:<br \/>\n&#8212; pierderi de memorie, ca uitarea informa\u021biilor memorate recent<\/p>\n<p>&#8212; tulbur\u0103ri de limbaj, uitarea unor cuvinte sau substituirea cuvintelor neobi\u0219nuite<\/p>\n<p>&#8212; dezorientare temporo &#8212; spa\u021bial\u0103, uitarea adresei<br \/>\n&#8212; tulbur\u0103ri de judecat\u0103, ca \u00eembr\u0103carea cu haine nepotrivite pentru vremea respectiv\u0103;<br \/>\n&#8212; probleme cu g\u00e2ndirea abstract\u0103, ca imposibilitatea de interpretare a numerelor<br \/>\n&#8212; punerea anumitor obiecte \u00een locuri neobi\u0219nuite;<\/p>\n<p>&#8212; tulbur\u0103ri ale dispozi\u021biei, ca modific\u0103ri rapide a le st\u0103rii de spirit de la calm la pl\u00e2ns \u0219i apoi la furie aparent f\u0103r\u0103 motiv<br \/>\n&#8212; modific\u0103ri ale personalit\u0103\u021bii, de la confuzie, suspiciune, team\u0103 la dependenta de un membru al familiei<\/p>\n<p><strong>Profilaxie<\/strong><\/p>\n<p>Deocamdat\u0103 nu se cunosc mijloace de prevenire a bolii Alzheimer.<br \/>\nDe\u0219i nici o substan\u021b\u0103 nu a fost dovedit\u0103 c\u0103 previne boala Alzheimer, cercet\u0103torii studiaz\u0103 posibilit\u0103\u021bile ca anumite substan\u021be s\u0103 reduc\u0103 riscul de dezvoltare a bolii sau s\u0103 \u00eent\u00e2rzie instalarea ei, cum ar fi vitamina E \u0219i al\u021bi antioxidan\u021bi \u00een cantit\u0103\u021bi moderate.<br \/>\nExist\u0103 pu\u021bine dovezi asupra faptului c\u0103 men\u021binerea unei activit\u0103\u021bi intelectuale continue ar diminua riscul de dezvoltare al bolii Alzheimer. Anumite activit\u0103\u021bi ca cititul cu regularitate al ziarului, c\u0103r\u021bilor, revistelor, jucatul de c\u0103r\u021bi sau alte jocuri, rezolvarea rebusurilor, vizitele la muzeu sau chiar privitul activ la televizor sau ascultatul la radio pot ajuta la evitarea dezvolt\u0103rii simptomelor bolii Alzheimer. De\u0219i aceasta teorie nu este dovedit ca ar fi eficienta, nu exist\u0103 dovezi ca aceste activit\u0103\u021bi de folosire a intelectului ar fi d\u0103un\u0103toare.<\/p>\n<p>[\/vc_column_text][vc_empty_space]<ul class=\"photostream clearfix page_margin_top_section\"><li class=\"gallery_box\"><ul class=\"controls\">\n\t\t\t\t<li>\n\t\t\t\t\t<a href=\"https:\/\/treime.md\/wp-content\/uploads\/2026\/04\/5_\u0441\u0430\u0439\u0442.jpg\" class=\"fancybox open_lightbox\" style=\"background-image: url('https:\/\/treime.md\/wp-content\/themes\/medicenter\/images\/icons_media\/blue_light\/image.png')\"><\/a>\n\t\t\t\t<\/li>\n\t\t\t<\/ul>\n\t\t<\/li><\/ul>[\/vc_column][\/vc_row]<\/p>\n","protected":false},"excerpt":{"rendered":"<p>[vc_row][vc_column][vc_images_carousel images=&#187;6105&#8243; img_size=&#187;&#187; slides_per_view=&#187;4&#8243; autoplay=&#187;yes&#187; wrap=&#187;yes&#187; el_class=&#187;carusel_post&#187;][vc_empty_space][vc_column_text]Anual, la 21 septembrie este marcat\u0103 la nivel mondial, Ziua mondial\u0103 pentru combaterea maladiei Alzheimer, lansat\u0103 de Federa\u0163ia Interna\u0163ional\u0103 pentru Alzheimer (Alzheimer\u2019s Disease International \u2013 ADI) \u00een 1994. Boala Alzheimer este o boala degenerativa ce afecteaz\u0103 zone ale creierului ce controleaz\u0103 memoria, inteligen\u021ba, capacitatea de judecat\u0103, limbajul \u0219i comportamentul.<\/p>\n","protected":false},"author":2,"featured_media":6105,"comment_status":"closed","ping_status":"closed","sticky":false,"template":"","format":"standard","meta":[],"categories":[2],"tags":[],"_links":{"self":[{"href":"https:\/\/treime.md\/ru\/wp-json\/wp\/v2\/posts\/6104"}],"collection":[{"href":"https:\/\/treime.md\/ru\/wp-json\/wp\/v2\/posts"}],"about":[{"href":"https:\/\/treime.md\/ru\/wp-json\/wp\/v2\/types\/post"}],"author":[{"embeddable":true,"href":"https:\/\/treime.md\/ru\/wp-json\/wp\/v2\/users\/2"}],"replies":[{"embeddable":true,"href":"https:\/\/treime.md\/ru\/wp-json\/wp\/v2\/comments?post=6104"}],"version-history":[{"count":1,"href":"https:\/\/treime.md\/ru\/wp-json\/wp\/v2\/posts\/6104\/revisions"}],"predecessor-version":[{"id":6106,"href":"https:\/\/treime.md\/ru\/wp-json\/wp\/v2\/posts\/6104\/revisions\/6106"}],"wp:featuredmedia":[{"embeddable":true,"href":"https:\/\/treime.md\/ru\/wp-json\/wp\/v2\/media\/6105"}],"wp:attachment":[{"href":"https:\/\/treime.md\/ru\/wp-json\/wp\/v2\/media?parent=6104"}],"wp:term":[{"taxonomy":"category","embeddable":true,"href":"https:\/\/treime.md\/ru\/wp-json\/wp\/v2\/categories?post=6104"},{"taxonomy":"post_tag","embeddable":true,"href":"https:\/\/treime.md\/ru\/wp-json\/wp\/v2\/tags?post=6104"}],"curies":[{"name":"wp","href":"https:\/\/api.w.org\/{rel}","templated":true}]}}